{"id":12755,"date":"2022-09-10T11:07:59","date_gmt":"2022-09-10T09:07:59","guid":{"rendered":"http:\/\/artemis-bonn.de\/artemis_webseite\/?p=12755"},"modified":"2022-09-13T18:20:41","modified_gmt":"2022-09-13T16:20:41","slug":"deutsche-meisterschaft-bogen-wa-im-freien","status":"publish","type":"post","link":"https:\/\/artemis-bonn.de\/artemis_webseite\/?p=12755","title":{"rendered":"Deutsche Meisterschaft Bogen WA im Freien"},"content":{"rendered":"<p>F\u00fcr das Wochenende 09.09.-11.09.2022 war in der hessischen Landeshauptstadt die Deutsche Meisterschaft Bogen WA im Freien angesetzt.<\/p>\n<p>Aus Sicht von Artemis Bonn durfte nur 1 Sch\u00fctze den Weg nach Wiesbaden antreten.<\/p>\n<p>J\u00f6rg Lammerich hatte auf der Landesverbandsmeisterschaft in Oberhausen den Grundstein f\u00fcr eine Qualifikation gelegt und trat am 09.09. in der Klasse &#8222;Compound Master m\u00e4nnlich&#8220; an.<\/p>\n<p>Bei sehr wechselhaften Bedingungen konnte J\u00f6rg zwar an seine zuletzt erzielten Ergebnisse nicht ganz ankn\u00fcpfen, war jedoch unter dem Strich mit seinen 663 Ringen nicht unzufrieden.<\/p>\n<p>Sein Kommentar dazu:<\/p>\n<blockquote><p>&#8222;War sehr windig. 663 war jetzt nicht mein Traum, aber Platz 11 ist OK f\u00fcr mich&#8220;<\/p><\/blockquote>\n<p>Dem ist nichts weiter hinzuzuf\u00fcgen au\u00dfer einem &#8222;Herzlichen Gl\u00fcckwunsch&#8220;.<\/p>\n<p>Damit ist Tag 1 der DM gelaufen. Die Resulte vom Freitag als pdf gibt es <a href=\"http:\/\/artemis-bonn.de\/artemis_webseite\/wp-content\/uploads\/2022\/09\/dm2022fita.pdf\" target=\"_blank\">hier<\/a>.<\/p>\n<p>Interessierte k\u00f6nnen \u00fcber die Seite <a href=\"http:\/\/www.bogenfax.de\" target=\"_blank\">www.bogenfax.de<\/a> das Live-Scoring mitverfolgen.<\/p>\n<p>Nachfolgend ein paar ein Eindr\u00fccke des Schie\u00dfgel\u00e4ndes in Wiesbaden&#8230;<\/p>\n\n\t\t<style type=\"text\/css\">\n\t\t\t#gallery-1 {\n\t\t\t\tmargin: auto;\n\t\t\t}\n\t\t\t#gallery-1 .gallery-item {\n\t\t\t\tfloat: left;\n\t\t\t\tmargin-top: 10px;\n\t\t\t\ttext-align: center;\n\t\t\t\twidth: 33%;\n\t\t\t}\n\t\t\t#gallery-1 img {\n\t\t\t\tborder: 2px solid #cfcfcf;\n\t\t\t}\n\t\t\t#gallery-1 .gallery-caption {\n\t\t\t\tmargin-left: 0;\n\t\t\t}\n\t\t\t\/* see gallery_shortcode() in wp-includes\/media.php *\/\n\t\t<\/style>\n\t\t<div id='gallery-1' class='gallery galleryid-12755 gallery-columns-3 gallery-size-thumbnail'><dl class='gallery-item'>\n\t\t\t<dt class='gallery-icon landscape'>\n\t\t\t\t<a href='https:\/\/artemis-bonn.de\/artemis_webseite\/?attachment_id=12753'><img loading=\"lazy\" decoding=\"async\" width=\"150\" height=\"150\" src=\"https:\/\/artemis-bonn.de\/artemis_webseite\/wp-content\/uploads\/2022\/09\/IMG-20220909-WA0008-150x150.jpg\" class=\"attachment-thumbnail size-thumbnail\" alt=\"\" srcset=\"https:\/\/artemis-bonn.de\/artemis_webseite\/wp-content\/uploads\/2022\/09\/IMG-20220909-WA0008-150x150.jpg 150w, https:\/\/artemis-bonn.de\/artemis_webseite\/wp-content\/uploads\/2022\/09\/IMG-20220909-WA0008-225x225.jpg 225w, https:\/\/artemis-bonn.de\/artemis_webseite\/wp-content\/uploads\/2022\/09\/IMG-20220909-WA0008-75x75.jpg 75w\" sizes=\"auto, (max-width: 150px) 100vw, 150px\" \/><\/a>\n\t\t\t<\/dt><\/dl><dl class='gallery-item'>\n\t\t\t<dt class='gallery-icon landscape'>\n\t\t\t\t<a href='https:\/\/artemis-bonn.de\/artemis_webseite\/?attachment_id=12752'><img loading=\"lazy\" decoding=\"async\" width=\"150\" height=\"150\" src=\"https:\/\/artemis-bonn.de\/artemis_webseite\/wp-content\/uploads\/2022\/09\/IMG-20220909-WA0007-150x150.jpg\" class=\"attachment-thumbnail size-thumbnail\" alt=\"\" srcset=\"https:\/\/artemis-bonn.de\/artemis_webseite\/wp-content\/uploads\/2022\/09\/IMG-20220909-WA0007-150x150.jpg 150w, https:\/\/artemis-bonn.de\/artemis_webseite\/wp-content\/uploads\/2022\/09\/IMG-20220909-WA0007-225x225.jpg 225w, https:\/\/artemis-bonn.de\/artemis_webseite\/wp-content\/uploads\/2022\/09\/IMG-20220909-WA0007-75x75.jpg 75w\" sizes=\"auto, (max-width: 150px) 100vw, 150px\" \/><\/a>\n\t\t\t<\/dt><\/dl><dl class='gallery-item'>\n\t\t\t<dt class='gallery-icon landscape'>\n\t\t\t\t<a href='https:\/\/artemis-bonn.de\/artemis_webseite\/?attachment_id=12751'><img loading=\"lazy\" decoding=\"async\" width=\"150\" height=\"150\" src=\"https:\/\/artemis-bonn.de\/artemis_webseite\/wp-content\/uploads\/2022\/09\/IMG-20220909-WA0000-150x150.jpg\" class=\"attachment-thumbnail size-thumbnail\" alt=\"\" srcset=\"https:\/\/artemis-bonn.de\/artemis_webseite\/wp-content\/uploads\/2022\/09\/IMG-20220909-WA0000-150x150.jpg 150w, https:\/\/artemis-bonn.de\/artemis_webseite\/wp-content\/uploads\/2022\/09\/IMG-20220909-WA0000-225x225.jpg 225w, https:\/\/artemis-bonn.de\/artemis_webseite\/wp-content\/uploads\/2022\/09\/IMG-20220909-WA0000-75x75.jpg 75w\" sizes=\"auto, (max-width: 150px) 100vw, 150px\" \/><\/a>\n\t\t\t<\/dt><\/dl><br style=\"clear: both\" \/><dl class='gallery-item'>\n\t\t\t<dt class='gallery-icon landscape'>\n\t\t\t\t<a href='https:\/\/artemis-bonn.de\/artemis_webseite\/?attachment_id=12750'><img loading=\"lazy\" decoding=\"async\" width=\"150\" height=\"150\" src=\"https:\/\/artemis-bonn.de\/artemis_webseite\/wp-content\/uploads\/2022\/09\/IMG-20220909-WA0001-150x150.jpg\" class=\"attachment-thumbnail size-thumbnail\" alt=\"\" srcset=\"https:\/\/artemis-bonn.de\/artemis_webseite\/wp-content\/uploads\/2022\/09\/IMG-20220909-WA0001-150x150.jpg 150w, https:\/\/artemis-bonn.de\/artemis_webseite\/wp-content\/uploads\/2022\/09\/IMG-20220909-WA0001-225x225.jpg 225w, https:\/\/artemis-bonn.de\/artemis_webseite\/wp-content\/uploads\/2022\/09\/IMG-20220909-WA0001-75x75.jpg 75w\" sizes=\"auto, (max-width: 150px) 100vw, 150px\" \/><\/a>\n\t\t\t<\/dt><\/dl><dl class='gallery-item'>\n\t\t\t<dt class='gallery-icon landscape'>\n\t\t\t\t<a href='https:\/\/artemis-bonn.de\/artemis_webseite\/?attachment_id=12749'><img loading=\"lazy\" decoding=\"async\" width=\"150\" height=\"150\" src=\"https:\/\/artemis-bonn.de\/artemis_webseite\/wp-content\/uploads\/2022\/09\/IMG-20220909-WA0003-150x150.jpg\" class=\"attachment-thumbnail size-thumbnail\" alt=\"\" srcset=\"https:\/\/artemis-bonn.de\/artemis_webseite\/wp-content\/uploads\/2022\/09\/IMG-20220909-WA0003-150x150.jpg 150w, https:\/\/artemis-bonn.de\/artemis_webseite\/wp-content\/uploads\/2022\/09\/IMG-20220909-WA0003-225x225.jpg 225w, https:\/\/artemis-bonn.de\/artemis_webseite\/wp-content\/uploads\/2022\/09\/IMG-20220909-WA0003-75x75.jpg 75w\" sizes=\"auto, (max-width: 150px) 100vw, 150px\" \/><\/a>\n\t\t\t<\/dt><\/dl><dl class='gallery-item'>\n\t\t\t<dt class='gallery-icon portrait'>\n\t\t\t\t<a href='https:\/\/artemis-bonn.de\/artemis_webseite\/?attachment_id=12748'><img loading=\"lazy\" decoding=\"async\" width=\"150\" height=\"150\" src=\"https:\/\/artemis-bonn.de\/artemis_webseite\/wp-content\/uploads\/2022\/09\/IMG-20220909-WA0006-150x150.jpg\" class=\"attachment-thumbnail size-thumbnail\" alt=\"\" srcset=\"https:\/\/artemis-bonn.de\/artemis_webseite\/wp-content\/uploads\/2022\/09\/IMG-20220909-WA0006-150x150.jpg 150w, https:\/\/artemis-bonn.de\/artemis_webseite\/wp-content\/uploads\/2022\/09\/IMG-20220909-WA0006-225x225.jpg 225w, https:\/\/artemis-bonn.de\/artemis_webseite\/wp-content\/uploads\/2022\/09\/IMG-20220909-WA0006-75x75.jpg 75w\" sizes=\"auto, (max-width: 150px) 100vw, 150px\" \/><\/a>\n\t\t\t<\/dt><\/dl><br style=\"clear: both\" \/><dl class='gallery-item'>\n\t\t\t<dt class='gallery-icon portrait'>\n\t\t\t\t<a href='https:\/\/artemis-bonn.de\/artemis_webseite\/?attachment_id=12747'><img loading=\"lazy\" decoding=\"async\" width=\"150\" height=\"150\" src=\"https:\/\/artemis-bonn.de\/artemis_webseite\/wp-content\/uploads\/2022\/09\/IMG-20220909-WA0005-150x150.jpg\" class=\"attachment-thumbnail size-thumbnail\" alt=\"\" srcset=\"https:\/\/artemis-bonn.de\/artemis_webseite\/wp-content\/uploads\/2022\/09\/IMG-20220909-WA0005-150x150.jpg 150w, https:\/\/artemis-bonn.de\/artemis_webseite\/wp-content\/uploads\/2022\/09\/IMG-20220909-WA0005-225x225.jpg 225w, https:\/\/artemis-bonn.de\/artemis_webseite\/wp-content\/uploads\/2022\/09\/IMG-20220909-WA0005-75x75.jpg 75w\" sizes=\"auto, (max-width: 150px) 100vw, 150px\" \/><\/a>\n\t\t\t<\/dt><\/dl><dl class='gallery-item'>\n\t\t\t<dt class='gallery-icon landscape'>\n\t\t\t\t<a href='https:\/\/artemis-bonn.de\/artemis_webseite\/?attachment_id=12746'><img loading=\"lazy\" decoding=\"async\" width=\"150\" height=\"150\" src=\"https:\/\/artemis-bonn.de\/artemis_webseite\/wp-content\/uploads\/2022\/09\/IMG-20220909-WA0004-150x150.jpg\" class=\"attachment-thumbnail size-thumbnail\" alt=\"\" srcset=\"https:\/\/artemis-bonn.de\/artemis_webseite\/wp-content\/uploads\/2022\/09\/IMG-20220909-WA0004-150x150.jpg 150w, https:\/\/artemis-bonn.de\/artemis_webseite\/wp-content\/uploads\/2022\/09\/IMG-20220909-WA0004-225x225.jpg 225w, https:\/\/artemis-bonn.de\/artemis_webseite\/wp-content\/uploads\/2022\/09\/IMG-20220909-WA0004-75x75.jpg 75w\" sizes=\"auto, (max-width: 150px) 100vw, 150px\" \/><\/a>\n\t\t\t<\/dt><\/dl>\n\t\t\t<br style='clear: both' \/>\n\t\t<\/div>\n\n","protected":false},"excerpt":{"rendered":"<p>F\u00fcr das Wochenende 09.09.-11.09.2022 war in der hessischen Landeshauptstadt die Deutsche Meisterschaft Bogen WA im Freien angesetzt. Aus Sicht von Artemis Bonn durfte nur 1 Sch\u00fctze den Weg nach Wiesbaden antreten. J\u00f6rg Lammerich hatte auf der Landesverbandsmeisterschaft in Oberhausen den Grundstein f\u00fcr eine Qualifikation gelegt und trat am 09.09. in<\/p>\n","protected":false},"author":65,"featured_media":12757,"comment_status":"closed","ping_status":"closed","sticky":false,"template":"","format":"standard","meta":{"footnotes":""},"categories":[34],"tags":[],"class_list":["post-12755","post","type-post","status-publish","format-standard","has-post-thumbnail","hentry","category-news"],"_links":{"self":[{"href":"https:\/\/artemis-bonn.de\/artemis_webseite\/index.php?rest_route=\/wp\/v2\/posts\/12755","targetHints":{"allow":["GET"]}}],"collection":[{"href":"https:\/\/artemis-bonn.de\/artemis_webseite\/index.php?rest_route=\/wp\/v2\/posts"}],"about":[{"href":"https:\/\/artemis-bonn.de\/artemis_webseite\/index.php?rest_route=\/wp\/v2\/types\/post"}],"author":[{"embeddable":true,"href":"https:\/\/artemis-bonn.de\/artemis_webseite\/index.php?rest_route=\/wp\/v2\/users\/65"}],"replies":[{"embeddable":true,"href":"https:\/\/artemis-bonn.de\/artemis_webseite\/index.php?rest_route=%2Fwp%2Fv2%2Fcomments&post=12755"}],"version-history":[{"count":4,"href":"https:\/\/artemis-bonn.de\/artemis_webseite\/index.php?rest_route=\/wp\/v2\/posts\/12755\/revisions"}],"predecessor-version":[{"id":12788,"href":"https:\/\/artemis-bonn.de\/artemis_webseite\/index.php?rest_route=\/wp\/v2\/posts\/12755\/revisions\/12788"}],"wp:featuredmedia":[{"embeddable":true,"href":"https:\/\/artemis-bonn.de\/artemis_webseite\/index.php?rest_route=\/wp\/v2\/media\/12757"}],"wp:attachment":[{"href":"https:\/\/artemis-bonn.de\/artemis_webseite\/index.php?rest_route=%2Fwp%2Fv2%2Fmedia&parent=12755"}],"wp:term":[{"taxonomy":"category","embeddable":true,"href":"https:\/\/artemis-bonn.de\/artemis_webseite\/index.php?rest_route=%2Fwp%2Fv2%2Fcategories&post=12755"},{"taxonomy":"post_tag","embeddable":true,"href":"https:\/\/artemis-bonn.de\/artemis_webseite\/index.php?rest_route=%2Fwp%2Fv2%2Ftags&post=12755"}],"curies":[{"name":"wp","href":"https:\/\/api.w.org\/{rel}","templated":true}]}}