{"id":12899,"date":"2022-12-02T20:54:14","date_gmt":"2022-12-02T18:54:14","guid":{"rendered":"https:\/\/artemis-bonn.de\/artemis_webseite\/?p=12899"},"modified":"2022-12-02T20:54:14","modified_gmt":"2022-12-02T18:54:14","slug":"kreismeisterschaft","status":"publish","type":"post","link":"https:\/\/artemis-bonn.de\/artemis_webseite\/?p=12899","title":{"rendered":"Kreismeisterschaft"},"content":{"rendered":"\n<p>Am 27.11.2022 fand in der Josef-Strunck-Halle in Bonn-Endenich die Kreismeisterschaft Bogen WA statt.<\/p>\n\n\n\n<p>Traditionell wurde sie wieder vom Bonner Bogensch\u00fctzenclub ausgerichtet und wie gehabt gut organisiert. Neben vorweihnachtlichem Geb\u00e4ck wurde auch Kaffee bereitgestellt. Nur die wenigsten Sch\u00fctzen hatten sich nur im kurzen Shirt an die Schie\u00dflinie begeben, war es doch recht frisch in der Halle. <\/p>\n\n\n\n<p>Ob man nun letztendlich mit den Ergebnissen zufrieden war, das muss jeder f\u00fcr sich selbst bilanzieren.<\/p>\n\n\n\n<p>Am 10.\/11.12.2022 geht es dann nach Much zur Bezirksmeisterschaft. <\/p>\n\n\n\n<p><a href=\"http:\/\/artemis-bonn.de\/artemis_webseite\/wp-content\/uploads\/2022\/11\/221127_Erg_KM.pdf\">Direktlink<\/a> zu den Ereignissen der Kreismeisterschaft.<\/p>\n","protected":false},"excerpt":{"rendered":"<p>Am 27.11.2022 fand in der Josef-Strunck-Halle in Bonn-Endenich die Kreismeisterschaft Bogen WA statt. Traditionell wurde sie wieder vom Bonner Bogensch\u00fctzenclub ausgerichtet und wie gehabt gut organisiert. Neben vorweihnachtlichem Geb\u00e4ck wurde auch Kaffee bereitgestellt. Nur die wenigsten Sch\u00fctzen hatten sich nur im kurzen Shirt an die Schie\u00dflinie begeben, war es doch<\/p>\n","protected":false},"author":65,"featured_media":0,"comment_status":"closed","ping_status":"closed","sticky":false,"template":"","format":"standard","meta":{"footnotes":""},"categories":[34],"tags":[],"class_list":["post-12899","post","type-post","status-publish","format-standard","hentry","category-news"],"_links":{"self":[{"href":"https:\/\/artemis-bonn.de\/artemis_webseite\/index.php?rest_route=\/wp\/v2\/posts\/12899","targetHints":{"allow":["GET"]}}],"collection":[{"href":"https:\/\/artemis-bonn.de\/artemis_webseite\/index.php?rest_route=\/wp\/v2\/posts"}],"about":[{"href":"https:\/\/artemis-bonn.de\/artemis_webseite\/index.php?rest_route=\/wp\/v2\/types\/post"}],"author":[{"embeddable":true,"href":"https:\/\/artemis-bonn.de\/artemis_webseite\/index.php?rest_route=\/wp\/v2\/users\/65"}],"replies":[{"embeddable":true,"href":"https:\/\/artemis-bonn.de\/artemis_webseite\/index.php?rest_route=%2Fwp%2Fv2%2Fcomments&post=12899"}],"version-history":[{"count":1,"href":"https:\/\/artemis-bonn.de\/artemis_webseite\/index.php?rest_route=\/wp\/v2\/posts\/12899\/revisions"}],"predecessor-version":[{"id":12900,"href":"https:\/\/artemis-bonn.de\/artemis_webseite\/index.php?rest_route=\/wp\/v2\/posts\/12899\/revisions\/12900"}],"wp:attachment":[{"href":"https:\/\/artemis-bonn.de\/artemis_webseite\/index.php?rest_route=%2Fwp%2Fv2%2Fmedia&parent=12899"}],"wp:term":[{"taxonomy":"category","embeddable":true,"href":"https:\/\/artemis-bonn.de\/artemis_webseite\/index.php?rest_route=%2Fwp%2Fv2%2Fcategories&post=12899"},{"taxonomy":"post_tag","embeddable":true,"href":"https:\/\/artemis-bonn.de\/artemis_webseite\/index.php?rest_route=%2Fwp%2Fv2%2Ftags&post=12899"}],"curies":[{"name":"wp","href":"https:\/\/api.w.org\/{rel}","templated":true}]}}