{"id":12961,"date":"2022-12-29T18:39:12","date_gmt":"2022-12-29T16:39:12","guid":{"rendered":"https:\/\/artemis-bonn.de\/artemis_webseite\/?p=12961"},"modified":"2023-01-04T18:11:32","modified_gmt":"2023-01-04T16:11:32","slug":"zulassungsringzahlen-rsb-landesmeisterschaften-bogen-halle","status":"publish","type":"post","link":"https:\/\/artemis-bonn.de\/artemis_webseite\/?p=12961","title":{"rendered":"Zulassungsringzahlen RSB-Landesmeisterschaften Bogen Halle"},"content":{"rendered":"\n<p>Nachdem die Zulassungsringzahlen auf der <a rel=\"noreferrer noopener\" href=\"https:\/\/www.rsb2020.de\/fileadmin\/Sport\/Limitzahlen\/2023_lvm_limitzahlen_bogen_halle.pdf\" target=\"_blank\">Homepage des RSB<\/a> (Aktualisierung der Zahlen am 02.01.2023!) ver\u00f6ffentlicht wurden, steht fest, dass sich 7 Sch\u00fctzen von Artemis Bonn qualifiziert haben:<\/p>\n\n\n\n<ul class=\"wp-block-list\"><li>Dr. Rudolph B\u00f6hringer<\/li><li>Christel Sander<\/li><li>J\u00f6rg Lammerich<\/li><li>J\u00fcrgen Emmerich<\/li><li>Carsten Grillenberger<\/li><li>Heinz-Josef Enders<\/li><li>Lennard Boenigk<\/li><\/ul>\n\n\n\n<p>Herzlichen Gl\u00fcckwunsch!<\/p>\n","protected":false},"excerpt":{"rendered":"<p>Nachdem die Zulassungsringzahlen auf der Homepage des RSB (Aktualisierung der Zahlen am 02.01.2023!) ver\u00f6ffentlicht wurden, steht fest, dass sich 7 Sch\u00fctzen von Artemis Bonn qualifiziert haben: Dr. Rudolph B\u00f6hringer Christel Sander J\u00f6rg Lammerich J\u00fcrgen Emmerich Carsten Grillenberger Heinz-Josef Enders Lennard Boenigk Herzlichen Gl\u00fcckwunsch!<\/p>\n","protected":false},"author":65,"featured_media":0,"comment_status":"closed","ping_status":"closed","sticky":false,"template":"","format":"standard","meta":{"footnotes":""},"categories":[34],"tags":[],"class_list":["post-12961","post","type-post","status-publish","format-standard","hentry","category-news"],"_links":{"self":[{"href":"https:\/\/artemis-bonn.de\/artemis_webseite\/index.php?rest_route=\/wp\/v2\/posts\/12961","targetHints":{"allow":["GET"]}}],"collection":[{"href":"https:\/\/artemis-bonn.de\/artemis_webseite\/index.php?rest_route=\/wp\/v2\/posts"}],"about":[{"href":"https:\/\/artemis-bonn.de\/artemis_webseite\/index.php?rest_route=\/wp\/v2\/types\/post"}],"author":[{"embeddable":true,"href":"https:\/\/artemis-bonn.de\/artemis_webseite\/index.php?rest_route=\/wp\/v2\/users\/65"}],"replies":[{"embeddable":true,"href":"https:\/\/artemis-bonn.de\/artemis_webseite\/index.php?rest_route=%2Fwp%2Fv2%2Fcomments&post=12961"}],"version-history":[{"count":6,"href":"https:\/\/artemis-bonn.de\/artemis_webseite\/index.php?rest_route=\/wp\/v2\/posts\/12961\/revisions"}],"predecessor-version":[{"id":12976,"href":"https:\/\/artemis-bonn.de\/artemis_webseite\/index.php?rest_route=\/wp\/v2\/posts\/12961\/revisions\/12976"}],"wp:attachment":[{"href":"https:\/\/artemis-bonn.de\/artemis_webseite\/index.php?rest_route=%2Fwp%2Fv2%2Fmedia&parent=12961"}],"wp:term":[{"taxonomy":"category","embeddable":true,"href":"https:\/\/artemis-bonn.de\/artemis_webseite\/index.php?rest_route=%2Fwp%2Fv2%2Fcategories&post=12961"},{"taxonomy":"post_tag","embeddable":true,"href":"https:\/\/artemis-bonn.de\/artemis_webseite\/index.php?rest_route=%2Fwp%2Fv2%2Ftags&post=12961"}],"curies":[{"name":"wp","href":"https:\/\/api.w.org\/{rel}","templated":true}]}}