{"id":12991,"date":"2023-01-30T18:45:17","date_gmt":"2023-01-30T16:45:17","guid":{"rendered":"https:\/\/artemis-bonn.de\/artemis_webseite\/?p=12991"},"modified":"2023-02-11T22:29:59","modified_gmt":"2023-02-11T20:29:59","slug":"rsb-landesmeisterschaften-bogen-halle","status":"publish","type":"post","link":"https:\/\/artemis-bonn.de\/artemis_webseite\/?p=12991","title":{"rendered":"RSB Landesmeisterschaften Bogen Halle"},"content":{"rendered":"\n<p>Zum Teil sehr erfolgreich kehrten die Sch\u00fctzen von Artemis Bonn von den Landesmeisterschaften am Wochenende 28.\/29.01.2023 zur\u00fcck.<\/p>\n\n\n\n<p>Um unseren Sportwart &#8211; J\u00fcrgen Emmerich &#8211; mal zu zitieren:<\/p>\n\n\n\n<p>Es gab mal wieder \u00dcberraschungen zum Positiven &#8211; wie auch zum Negativen.<\/p>\n\n\n\n<p>Herzlichen Gl\u00fcckwunsch an Rudolf zu seinem zweiten Platz (Recurve Herren). Nur ganz knapp verfehlte er sogar die Goldmedaille &#8211; ein Stechpfeil brachte die Entscheidung zu Gunsten seines Kontrahenten Carlo Schmitz.<\/p>\n\n\n\n<p>Gl\u00fcckwunsch an Heinz (Compound Senioren), der sich mit seiner hervorragenden zweiten Runde selbst mit dem dritten Platz \u00fcberrascht hat.<\/p>\n\n\n\n<p>Gl\u00fcckwunsch an Christel (Recurve Masters w.) zum Vierten &#8211; bei Ringgleichheit mit der Drittplatzierten.<\/p>\n\n\n\n<p>Ja und zum ersten Mal hatten wir mit Lennard Boenigk einen Sch\u00fcler Compound vertreten. Lennard hat sich super geschlagen und ich gratuliere herzlich zum ersten Platz.<\/p>\n\n\n\n<p><img loading=\"lazy\" decoding=\"async\" width=\"600\" height=\"450\" class=\"wp-image-13015\" style=\"width: 600px;\" src=\"http:\/\/artemis-bonn.de\/artemis_webseite\/wp-content\/uploads\/2023\/02\/2023_LVM_Halle_Platz2-scaled.jpg\" alt=\"Platz 2 - Dr. Rudolph B\u00f6hringer\" srcset=\"https:\/\/artemis-bonn.de\/artemis_webseite\/wp-content\/uploads\/2023\/02\/2023_LVM_Halle_Platz2-scaled.jpg 2560w, https:\/\/artemis-bonn.de\/artemis_webseite\/wp-content\/uploads\/2023\/02\/2023_LVM_Halle_Platz2-300x225.jpg 300w, https:\/\/artemis-bonn.de\/artemis_webseite\/wp-content\/uploads\/2023\/02\/2023_LVM_Halle_Platz2-1024x768.jpg 1024w, https:\/\/artemis-bonn.de\/artemis_webseite\/wp-content\/uploads\/2023\/02\/2023_LVM_Halle_Platz2-768x576.jpg 768w, https:\/\/artemis-bonn.de\/artemis_webseite\/wp-content\/uploads\/2023\/02\/2023_LVM_Halle_Platz2-1536x1152.jpg 1536w, https:\/\/artemis-bonn.de\/artemis_webseite\/wp-content\/uploads\/2023\/02\/2023_LVM_Halle_Platz2-2048x1536.jpg 2048w\" sizes=\"auto, (max-width: 600px) 100vw, 600px\" \/><\/p>\n\n\n\n<p><img loading=\"lazy\" decoding=\"async\" width=\"600\" height=\"450\" class=\"wp-image-13014\" style=\"width: 600px;\" src=\"http:\/\/artemis-bonn.de\/artemis_webseite\/wp-content\/uploads\/2023\/02\/2023_LVM_Halle_Platz3-scaled.jpg\" alt=\"Platz 3 - Heinz-Josef Enders\" srcset=\"https:\/\/artemis-bonn.de\/artemis_webseite\/wp-content\/uploads\/2023\/02\/2023_LVM_Halle_Platz3-scaled.jpg 2560w, https:\/\/artemis-bonn.de\/artemis_webseite\/wp-content\/uploads\/2023\/02\/2023_LVM_Halle_Platz3-300x225.jpg 300w, https:\/\/artemis-bonn.de\/artemis_webseite\/wp-content\/uploads\/2023\/02\/2023_LVM_Halle_Platz3-1024x768.jpg 1024w, https:\/\/artemis-bonn.de\/artemis_webseite\/wp-content\/uploads\/2023\/02\/2023_LVM_Halle_Platz3-768x576.jpg 768w, https:\/\/artemis-bonn.de\/artemis_webseite\/wp-content\/uploads\/2023\/02\/2023_LVM_Halle_Platz3-1536x1152.jpg 1536w, https:\/\/artemis-bonn.de\/artemis_webseite\/wp-content\/uploads\/2023\/02\/2023_LVM_Halle_Platz3-2048x1536.jpg 2048w\" sizes=\"auto, (max-width: 600px) 100vw, 600px\" \/><\/p>\n\n\n\n<p><a rel=\"noreferrer noopener\" href=\"http:\/\/artemis-bonn.de\/artemis_webseite\/wp-content\/uploads\/2023\/01\/2023_lvm_bogen_halle.pdf\" target=\"_blank\">Ergebnisse<\/a><\/p>\n\n\n\n<p><\/p>\n","protected":false},"excerpt":{"rendered":"<p>Zum Teil sehr erfolgreich kehrten die Sch\u00fctzen von Artemis Bonn von den Landesmeisterschaften am Wochenende 28.\/29.01.2023 zur\u00fcck. Um unseren Sportwart &#8211; J\u00fcrgen Emmerich &#8211; mal zu zitieren: Es gab mal wieder \u00dcberraschungen zum Positiven &#8211; wie auch zum Negativen. Herzlichen Gl\u00fcckwunsch an Rudolf zu seinem zweiten Platz (Recurve Herren). Nur<\/p>\n","protected":false},"author":65,"featured_media":12993,"comment_status":"closed","ping_status":"closed","sticky":false,"template":"","format":"standard","meta":{"footnotes":""},"categories":[1,34],"tags":[],"class_list":["post-12991","post","type-post","status-publish","format-standard","has-post-thumbnail","hentry","category-allgemein","category-news"],"_links":{"self":[{"href":"https:\/\/artemis-bonn.de\/artemis_webseite\/index.php?rest_route=\/wp\/v2\/posts\/12991","targetHints":{"allow":["GET"]}}],"collection":[{"href":"https:\/\/artemis-bonn.de\/artemis_webseite\/index.php?rest_route=\/wp\/v2\/posts"}],"about":[{"href":"https:\/\/artemis-bonn.de\/artemis_webseite\/index.php?rest_route=\/wp\/v2\/types\/post"}],"author":[{"embeddable":true,"href":"https:\/\/artemis-bonn.de\/artemis_webseite\/index.php?rest_route=\/wp\/v2\/users\/65"}],"replies":[{"embeddable":true,"href":"https:\/\/artemis-bonn.de\/artemis_webseite\/index.php?rest_route=%2Fwp%2Fv2%2Fcomments&post=12991"}],"version-history":[{"count":3,"href":"https:\/\/artemis-bonn.de\/artemis_webseite\/index.php?rest_route=\/wp\/v2\/posts\/12991\/revisions"}],"predecessor-version":[{"id":13017,"href":"https:\/\/artemis-bonn.de\/artemis_webseite\/index.php?rest_route=\/wp\/v2\/posts\/12991\/revisions\/13017"}],"wp:featuredmedia":[{"embeddable":true,"href":"https:\/\/artemis-bonn.de\/artemis_webseite\/index.php?rest_route=\/wp\/v2\/media\/12993"}],"wp:attachment":[{"href":"https:\/\/artemis-bonn.de\/artemis_webseite\/index.php?rest_route=%2Fwp%2Fv2%2Fmedia&parent=12991"}],"wp:term":[{"taxonomy":"category","embeddable":true,"href":"https:\/\/artemis-bonn.de\/artemis_webseite\/index.php?rest_route=%2Fwp%2Fv2%2Fcategories&post=12991"},{"taxonomy":"post_tag","embeddable":true,"href":"https:\/\/artemis-bonn.de\/artemis_webseite\/index.php?rest_route=%2Fwp%2Fv2%2Ftags&post=12991"}],"curies":[{"name":"wp","href":"https:\/\/api.w.org\/{rel}","templated":true}]}}