{"id":13207,"date":"2023-07-05T16:50:07","date_gmt":"2023-07-05T14:50:07","guid":{"rendered":"https:\/\/artemis-bonn.de\/artemis_webseite\/?p=13207"},"modified":"2023-07-05T16:50:07","modified_gmt":"2023-07-05T14:50:07","slug":"rsb-landesverbandsmeisterschaft-wa-im-freien","status":"publish","type":"post","link":"https:\/\/artemis-bonn.de\/artemis_webseite\/?p=13207","title":{"rendered":"RSB-Landesverbandsmeisterschaft WA im Freien"},"content":{"rendered":"\n<p>In D\u00fcren fand am 01.\/02.07.2023 die Landesverbandsmeisterschaft Bogen WA im Freien statt. Schon einige Tage vorher besch\u00e4ftigten sich die Sch\u00fctzen mit den unterschiedlichsten Wetter-Apps, wie wohl das Wetter wird, da die Prognosen doch sehr unterschiedlich ausfielen. Trocken oder Regen? Windig oder ruhig? Tats\u00e4chlich sollte es sehr schwankend sein.<\/p>\n\n\n\n<p>Von Artemis Bonn hatten sich aufgrund ihrer Ergebnisse bei der Bezirksmeisterschaft 7 Sch\u00fctzen qualifiziert, die auf ihre Klassen verteilt am Samstag bzw. Sonntag an den Start gingen. Unter dem Strich fielen die Ergebnisse sehr unterschiedlich aus und wie immer waren die einen zufrieden, andere wiederum hatten andere Anspr\u00fcche. So ergaben sich immerhin 2 Podestpl\u00e4tze. Ob die erzielten Ergebnisse f\u00fcr die Qualifikation zur Deutschen Meisterschaft vom 08.-10.09.2023 in Wiesbaden ausreichen, wird sich noch herausstellen. <\/p>\n\n\n\n<p>Die Ergebnis\u00fcbersicht:<\/p>\n\n\n\n<figure class=\"wp-block-table is-style-stripes\"><table><thead><tr><th>Klasse\/Name<\/th><th class=\"has-text-align-center\" data-align=\"center\">Ergebnis<\/th><\/tr><\/thead><tbody><tr><td>Recurve Herren (70m) &#8211; Dr. Rudolph B\u00f6hringer<\/td><td class=\"has-text-align-center\" data-align=\"center\">548 (Platz 21)<\/td><\/tr><tr><td>Recurve Master w. (60m) &#8211; Christel Sander<\/td><td class=\"has-text-align-center\" data-align=\"center\">563 (Platz 7)<\/td><\/tr><tr><td>Recurve Senioren (50m) &#8211; Dr. Angelos Mavridis<\/td><td class=\"has-text-align-center\" data-align=\"center\">537 (Platz 19)<\/td><\/tr><tr><td>Compound Master (50m) &#8211; J\u00f6rg Lammerich<\/td><td class=\"has-text-align-center\" data-align=\"center\">666 (Platz 2)<\/td><\/tr><tr><td>Compound Master (50m) &#8211; Carsten Grillenberger<\/td><td class=\"has-text-align-center\" data-align=\"center\">641 (Platz 6)<\/td><\/tr><tr><td>Compound Master (50m) &#8211; J\u00fcrgen Emmerich<\/td><td class=\"has-text-align-center\" data-align=\"center\">629 (Platz 8)<\/td><\/tr><tr><td>Blankbogen Master (50m) &#8211; Stefan Lemke<\/td><td class=\"has-text-align-center\" data-align=\"center\">465 (Platz 18)<\/td><\/tr><tr><td>Mannschaft Compound Herren<\/td><td class=\"has-text-align-center\" data-align=\"center\">1936 (Platz 2)<\/td><\/tr><\/tbody><\/table><\/figure>\n\n\n\n<p><a href=\"https:\/\/artemis-bonn.de\/artemis_webseite\/wp-content\/uploads\/2023\/07\/2023_Erg_LVM_WA720.pdf\" data-type=\"attachment\" data-id=\"13190\">Zur Gesamtergebnisliste<\/a><\/p>\n","protected":false},"excerpt":{"rendered":"<p>In D\u00fcren fand am 01.\/02.07.2023 die Landesverbandsmeisterschaft Bogen WA im Freien statt. Schon einige Tage vorher besch\u00e4ftigten sich die Sch\u00fctzen mit den unterschiedlichsten Wetter-Apps, wie wohl das Wetter wird, da die Prognosen doch sehr unterschiedlich ausfielen. Trocken oder Regen? Windig oder ruhig? Tats\u00e4chlich sollte es sehr schwankend sein. Von Artemis<\/p>\n","protected":false},"author":65,"featured_media":0,"comment_status":"closed","ping_status":"closed","sticky":false,"template":"","format":"standard","meta":{"footnotes":""},"categories":[1,34],"tags":[],"class_list":["post-13207","post","type-post","status-publish","format-standard","hentry","category-allgemein","category-news"],"_links":{"self":[{"href":"https:\/\/artemis-bonn.de\/artemis_webseite\/index.php?rest_route=\/wp\/v2\/posts\/13207","targetHints":{"allow":["GET"]}}],"collection":[{"href":"https:\/\/artemis-bonn.de\/artemis_webseite\/index.php?rest_route=\/wp\/v2\/posts"}],"about":[{"href":"https:\/\/artemis-bonn.de\/artemis_webseite\/index.php?rest_route=\/wp\/v2\/types\/post"}],"author":[{"embeddable":true,"href":"https:\/\/artemis-bonn.de\/artemis_webseite\/index.php?rest_route=\/wp\/v2\/users\/65"}],"replies":[{"embeddable":true,"href":"https:\/\/artemis-bonn.de\/artemis_webseite\/index.php?rest_route=%2Fwp%2Fv2%2Fcomments&post=13207"}],"version-history":[{"count":1,"href":"https:\/\/artemis-bonn.de\/artemis_webseite\/index.php?rest_route=\/wp\/v2\/posts\/13207\/revisions"}],"predecessor-version":[{"id":13208,"href":"https:\/\/artemis-bonn.de\/artemis_webseite\/index.php?rest_route=\/wp\/v2\/posts\/13207\/revisions\/13208"}],"wp:attachment":[{"href":"https:\/\/artemis-bonn.de\/artemis_webseite\/index.php?rest_route=%2Fwp%2Fv2%2Fmedia&parent=13207"}],"wp:term":[{"taxonomy":"category","embeddable":true,"href":"https:\/\/artemis-bonn.de\/artemis_webseite\/index.php?rest_route=%2Fwp%2Fv2%2Fcategories&post=13207"},{"taxonomy":"post_tag","embeddable":true,"href":"https:\/\/artemis-bonn.de\/artemis_webseite\/index.php?rest_route=%2Fwp%2Fv2%2Ftags&post=13207"}],"curies":[{"name":"wp","href":"https:\/\/api.w.org\/{rel}","templated":true}]}}